{"id":242,"date":"2024-09-23T20:20:23","date_gmt":"2024-09-23T23:20:23","guid":{"rendered":"http:\/\/clinicasemeia.com.br\/?p=242"},"modified":"2024-09-23T20:20:25","modified_gmt":"2024-09-23T23:20:25","slug":"promovendo-a-autonomia-funcional","status":"publish","type":"post","link":"https:\/\/clinicasemeia.com.br\/?p=242","title":{"rendered":"Promovendo a Autonomia Funcional"},"content":{"rendered":"\n<p>A <strong>Terapia Ocupacional<\/strong> \u00e9 voltada para ajudar indiv\u00edduos a desenvolver ou recuperar habilidades para realizar atividades di\u00e1rias de forma independente. Na <strong>Cl\u00ednica Semeia<\/strong>, nossos terapeutas ocupacionais trabalham com crian\u00e7as, adultos e idosos para promover a autonomia, facilitando o desenvolvimento motor e a reabilita\u00e7\u00e3o funcional.<\/p>\n\n\n\n<h4 class=\"wp-block-heading\">O que \u00e9 Terapia Ocupacional? <\/h4>\n\n\n\n<p>A terapia ocupacional foca na reabilita\u00e7\u00e3o de fun\u00e7\u00f5es motoras e sensoriais, utilizando atividades como ferramentas de recupera\u00e7\u00e3o. Isso inclui atividades b\u00e1sicas como vestir-se, alimentar-se, at\u00e9 tarefas mais complexas, como a mobilidade no ambiente de trabalho. Nossos terapeutas ocupacionais avaliam o ambiente do paciente e fazem adapta\u00e7\u00f5es para melhorar sua qualidade de vida.<\/p>\n\n\n\n<h4 class=\"wp-block-heading\">Como funciona o Tratamento de Terapia Ocupacional? <\/h4>\n\n\n\n<p>A terapia ocupacional na <strong>Cl\u00ednica Semeia<\/strong> come\u00e7a com uma avalia\u00e7\u00e3o detalhada das habilidades funcionais do paciente. Depois, nossos terapeutas criam um plano de tratamento individualizado, que pode incluir exerc\u00edcios f\u00edsicos, treinamento de habilidades motoras, al\u00e9m de adapta\u00e7\u00e3o de ambientes. O foco est\u00e1 em capacitar o paciente para realizar tarefas com mais independ\u00eancia.<\/p>\n\n\n\n<h4 class=\"wp-block-heading\">Como posso contratar a Terapia Ocupacional na Cl\u00ednica Semeia? <\/h4>\n\n\n\n<p>Contratar nossos servi\u00e7os \u00e9 simples e f\u00e1cil. Entre em contato pelo nosso site ou telefone e agende uma avalia\u00e7\u00e3o inicial. Na <strong>Cl\u00ednica Semeia<\/strong>, estamos prontos para oferecer um atendimento de qualidade que atenda \u00e0s suas necessidades de reabilita\u00e7\u00e3o funcional.<\/p>\n\n\n\n<h4 class=\"wp-block-heading\">Benef\u00edcios da Terapia Ocupacional <\/h4>\n\n\n\n<p>Os benef\u00edcios incluem:<\/p>\n\n\n\n<ul class=\"wp-block-list\">\n<li><strong>Aumento da autonomia<\/strong><\/li>\n\n\n\n<li><strong>Melhora das habilidades motoras<\/strong><\/li>\n\n\n\n<li><strong>Maior inclus\u00e3o social e laboral<\/strong><\/li>\n\n\n\n<li><strong>Qualidade de vida aprimorada<\/strong><\/li>\n<\/ul>\n\n\n\n<h4 class=\"wp-block-heading\"><\/h4>\n\n\n\n<p>A <strong>Terapia Ocupacional<\/strong> \u00e9 essencial para melhorar a qualidade de vida e promover a autonomia. Se voc\u00ea est\u00e1 buscando reabilita\u00e7\u00e3o funcional, entre em contato com a <strong>Cl\u00ednica Semeia<\/strong> e descubra como podemos ajudar voc\u00ea a alcan\u00e7ar mais independ\u00eancia em suas atividades di\u00e1rias.<\/p>\n\n\n\n<p><\/p>\n","protected":false},"excerpt":{"rendered":"<p>A Terapia Ocupacional \u00e9 voltada para ajudar indiv\u00edduos a desenvolver ou recuperar habilidades para realizar atividades di\u00e1rias de forma independente. Na Cl\u00ednica Semeia, nossos terapeutas ocupacionais trabalham com crian\u00e7as, adultos e idosos para promover a autonomia, facilitando o desenvolvimento motor e a reabilita\u00e7\u00e3o funcional. O que \u00e9 Terapia Ocupacional? A terapia ocupacional foca na reabilita\u00e7\u00e3o [&hellip;]<\/p>\n","protected":false},"author":1,"featured_media":243,"comment_status":"open","ping_status":"open","sticky":false,"template":"","format":"standard","meta":{"footnotes":""},"categories":[4],"tags":[],"class_list":["post-242","post","type-post","status-publish","format-standard","has-post-thumbnail","hentry","category-terapia-ocupacional"],"_links":{"self":[{"href":"https:\/\/clinicasemeia.com.br\/index.php?rest_route=\/wp\/v2\/posts\/242"}],"collection":[{"href":"https:\/\/clinicasemeia.com.br\/index.php?rest_route=\/wp\/v2\/posts"}],"about":[{"href":"https:\/\/clinicasemeia.com.br\/index.php?rest_route=\/wp\/v2\/types\/post"}],"author":[{"embeddable":true,"href":"https:\/\/clinicasemeia.com.br\/index.php?rest_route=\/wp\/v2\/users\/1"}],"replies":[{"embeddable":true,"href":"https:\/\/clinicasemeia.com.br\/index.php?rest_route=%2Fwp%2Fv2%2Fcomments&post=242"}],"version-history":[{"count":1,"href":"https:\/\/clinicasemeia.com.br\/index.php?rest_route=\/wp\/v2\/posts\/242\/revisions"}],"predecessor-version":[{"id":244,"href":"https:\/\/clinicasemeia.com.br\/index.php?rest_route=\/wp\/v2\/posts\/242\/revisions\/244"}],"wp:featuredmedia":[{"embeddable":true,"href":"https:\/\/clinicasemeia.com.br\/index.php?rest_route=\/wp\/v2\/media\/243"}],"wp:attachment":[{"href":"https:\/\/clinicasemeia.com.br\/index.php?rest_route=%2Fwp%2Fv2%2Fmedia&parent=242"}],"wp:term":[{"taxonomy":"category","embeddable":true,"href":"https:\/\/clinicasemeia.com.br\/index.php?rest_route=%2Fwp%2Fv2%2Fcategories&post=242"},{"taxonomy":"post_tag","embeddable":true,"href":"https:\/\/clinicasemeia.com.br\/index.php?rest_route=%2Fwp%2Fv2%2Ftags&post=242"}],"curies":[{"name":"wp","href":"https:\/\/api.w.org\/{rel}","templated":true}]}}